  {"id":17626,"date":"2019-05-09T20:23:53","date_gmt":"2019-05-09T18:23:53","guid":{"rendered":"https:\/\/www.discoverwalks.com\/blog\/?p=17626"},"modified":"2023-04-17T15:33:37","modified_gmt":"2023-04-17T13:33:37","slug":"why-you-need-to-visit-the-carmo-convent-in-lisbon","status":"publish","type":"post","link":"https:\/\/www.discoverwalks.com\/blog\/why-you-need-to-visit-the-carmo-convent-in-lisbon\/","title":{"rendered":"Why you need to visit the Carmo Convent in Lisbon"},"content":{"rendered":"<h1>Why you need to visit the Carmo Convent in Lisbon<\/h1>\n<p>The construction of the <strong><i>Carmo Convent<\/i><\/strong> started in 1389. It was the project of D. Nuno \u00c1lvares Pereira. The purpose of this construction was to state two things: his intention to convert himself to the religious life and his competition with the King. The monumentality of the <strong><i>Carmo Convent<\/i><\/strong> is really impressive for the time of its construction. <\/p>\n<p><img decoding=\"async\" src=\"https:\/\/www.discoverwalks.com\/blog\/wp-content\/uploads\/2019\/05\/whyyouneedtovisitthecarmoconventinlisbon1.jpg\" alt=\"whyyouneedtovisitthecarmoconventinlisbon1\" width=\"924\" height=\"693\" class=\"aligncenter size-full wp-image-17668\" srcset=\"https:\/\/www.discoverwalks.com\/blog\/wp-content\/uploads\/2019\/05\/whyyouneedtovisitthecarmoconventinlisbon1.jpg 924w, https:\/\/www.discoverwalks.com\/blog\/wp-content\/uploads\/2019\/05\/whyyouneedtovisitthecarmoconventinlisbon1-300x225.jpg 300w, https:\/\/www.discoverwalks.com\/blog\/wp-content\/uploads\/2019\/05\/whyyouneedtovisitthecarmoconventinlisbon1-768x576.jpg 768w, https:\/\/www.discoverwalks.com\/blog\/wp-content\/uploads\/2019\/05\/whyyouneedtovisitthecarmoconventinlisbon1-1024x768.jpg 1024w, https:\/\/www.discoverwalks.com\/blog\/wp-content\/uploads\/2019\/05\/whyyouneedtovisitthecarmoconventinlisbon1-816x612.jpg 816w\" sizes=\"(max-width: 924px) 100vw, 924px\" \/><\/p>\n<p>The <a href=\"https:\/\/www.discoverwalks.com\/blog\/all-about-the-great-lisbon-earthquake-of-1755\/\" target=\"_blank\" rel=\"noopener noreferrer\">earthquake of 1755<\/a> destroyed a great part of the convent. By the middle of the nineteenth century, its management was undertaken by the Archaeologists Association, that created the first Portuguese museum. An impressive monument that carefully keeps and saves impressive pieces, such as the tomb of D. Fernando I, which is a medieval masterpiece! A tomb that shares with us the story of an unloved beautiful frivolous king, but who turned out to be much more than that after all! If you want to learn more and find out <strong>why you need to visit the Carmo Convent in Lisbon<\/strong>, read on this article! <\/p>\n<h4>Introduction: Who is the founder of the Carmo Convent?<\/h4>\n<p><img decoding=\"async\" src=\"https:\/\/www.discoverwalks.com\/blog\/wp-content\/uploads\/2019\/05\/whyyouneedtovisitthecarmoconventinlisbon2.jpg\" alt=\"whyyouneedtovisitthecarmoconventinlisbon2\" width=\"608\" height=\"660\" class=\"aligncenter size-full wp-image-17669\" srcset=\"https:\/\/www.discoverwalks.com\/blog\/wp-content\/uploads\/2019\/05\/whyyouneedtovisitthecarmoconventinlisbon2.jpg 608w, https:\/\/www.discoverwalks.com\/blog\/wp-content\/uploads\/2019\/05\/whyyouneedtovisitthecarmoconventinlisbon2-276x300.jpg 276w\" sizes=\"(max-width: 608px) 100vw, 608px\" \/><\/p>\n<p>The <strong><i>Carmo Convent<\/i><\/strong> is one of the few Medieval buildings that still remain in <a href=\"https:\/\/www.discoverwalks.com\/tour\/city\/lisbon-walking-tours\/\" target=\"_blank\" rel=\"noopener noreferrer\">Lisbon<\/a>! This fourteenth century monument which construction was commissioned in 1389, a few years after the Battle of Aljubarrota, by the battle&#8217;s hero, D. Nuno \u00c1lvares Pereira. He&#8217;s a man who has a solid military training, but also great religious beliefs, that awaken his desire of leaving an important testimony. <\/p>\n<h4>The history of the Carmo Convent <a href=\"https:\/\/www.discoverwalks.com\/blog\/a-quick-guide-to-lisbons-architecture\/\" target=\"_blank\" rel=\"noopener noreferrer\">architecture<\/a> is pretty interesting<\/h4>\n<p>When the earthquake happened in 1755, the Friars that lived there ended up in a complicated situation. So, they tried to quickly proceed the reconstruction efforts. The restoration which was done in 1758 sought to be the same as the founder wanted it to be. In other words, it had to be a Gothic structure. This was unique because the architectural style of the time was the Baroque. The <strong><i>Carmo Convent<\/i><\/strong> is a great example of the first attempt in Portugal of what would later called &#8220;<i>Gothic Revival<\/i>&#8221; or &#8220;<i>Neo Gothic<\/i>&#8220;, without even having the theoretical foundations. They just tried to imitate what they knew existed before. This is why you will find columns and pillars sockets very different from the ones that initially existed, for instance. <\/p>\n<p>This &#8220;imagined&#8221; Gothic came out to be an amazing result. Unfortunately, the reconstruction was not completed. Lisbon ended up with an open sky <strong><i>Carmo Convent<\/i><\/strong>. <\/p>\n<p>After the 1834 Dissolution of the monasteries in Portugal, the convents, mostly male ones, were closed and abandoned. This abandonment resulted in a tremedous degradation of the heritage of Portugal. The <strong><i>Carmo Convent<\/i><\/strong> even went through a military occupation, and other types of occupation that deeply damaged the convent. <\/p>\n<h4>Visit the first ever Portuguese museum<\/h4>\n<div id=\"attachment_17670\" style=\"width: 1175px\" class=\"wp-caption aligncenter\"><img decoding=\"async\" aria-describedby=\"caption-attachment-17670\" src=\"https:\/\/www.discoverwalks.com\/blog\/wp-content\/uploads\/2019\/05\/whyyouneedtovisitthecarmoconventinlisbon3.jpg\" alt=\"whyyouneedtovisitthecarmoconventinlisbon3\" width=\"1165\" height=\"873\" class=\"size-full wp-image-17670\" srcset=\"https:\/\/www.discoverwalks.com\/blog\/wp-content\/uploads\/2019\/05\/whyyouneedtovisitthecarmoconventinlisbon3.jpg 924w, https:\/\/www.discoverwalks.com\/blog\/wp-content\/uploads\/2019\/05\/whyyouneedtovisitthecarmoconventinlisbon3-300x225.jpg 300w, https:\/\/www.discoverwalks.com\/blog\/wp-content\/uploads\/2019\/05\/whyyouneedtovisitthecarmoconventinlisbon3-768x576.jpg 768w, https:\/\/www.discoverwalks.com\/blog\/wp-content\/uploads\/2019\/05\/whyyouneedtovisitthecarmoconventinlisbon3-1024x767.jpg 1024w, https:\/\/www.discoverwalks.com\/blog\/wp-content\/uploads\/2019\/05\/whyyouneedtovisitthecarmoconventinlisbon3-816x611.jpg 816w\" sizes=\"(max-width: 1165px) 100vw, 1165px\" \/><p id=\"caption-attachment-17670\" class=\"wp-caption-text\">\u00a9 Manuel Manso<\/p><\/div>\n<p>By mid-nineteenth century, the King granted the monument to the <i>Real Associa\u00e7\u00e3o dos Arquitectos Civis e Arque\u00f3logos Portugueses<\/i> that still exists today under the name of <i>Associa\u00e7\u00e3o dos Arque\u00f3logos Portugueses<\/i>. It was the first Portuguese association that worried about the safeguarding of the heritage of Portugal. Even today, it still holds this function. They set up the first Portuguese museum at the <strong><i>Carmo Convent<\/i><\/strong>, with collections exhibitions open to the public. <\/p>\n<p>The prime mover of this association and these initiatives was Joaquim Possid\u00f3nio Narciso da Silva, which was an architect, an archaeologist, and a photographer. He was deeply interested in Portugal Heritage and its safeguarding. He dedicated his whole life to this purpose and set up the museum of the <strong><i>Carmo Convent<\/i><\/strong>. All the pieces he managed to save can be see at the <i><strong>Museu Arqueol\u00f3gico do Carmo<\/strong><\/i>. These pieces are essential to the understanding of the history of Portugal. <\/p>\n<h4>Have a look at an incredible medieval masterpiece<\/h4>\n<div id=\"attachment_17671\" style=\"width: 1034px\" class=\"wp-caption aligncenter\"><img decoding=\"async\" aria-describedby=\"caption-attachment-17671\" src=\"https:\/\/www.discoverwalks.com\/blog\/wp-content\/uploads\/2019\/05\/whyyouneedtovisitthecarmoconventinlisbon4.jpg\" alt=\"whyyouneedtovisitthecarmoconventinlisbon4\" width=\"1024\" height=\"773\" class=\"size-full wp-image-17671\" srcset=\"https:\/\/www.discoverwalks.com\/blog\/wp-content\/uploads\/2019\/05\/whyyouneedtovisitthecarmoconventinlisbon4.jpg 924w, https:\/\/www.discoverwalks.com\/blog\/wp-content\/uploads\/2019\/05\/whyyouneedtovisitthecarmoconventinlisbon4-300x226.jpg 300w, https:\/\/www.discoverwalks.com\/blog\/wp-content\/uploads\/2019\/05\/whyyouneedtovisitthecarmoconventinlisbon4-768x580.jpg 768w, https:\/\/www.discoverwalks.com\/blog\/wp-content\/uploads\/2019\/05\/whyyouneedtovisitthecarmoconventinlisbon4-1024x773.jpg 1024w, https:\/\/www.discoverwalks.com\/blog\/wp-content\/uploads\/2019\/05\/whyyouneedtovisitthecarmoconventinlisbon4-816x616.jpg 816w\" sizes=\"(max-width: 1024px) 100vw, 1024px\" \/><p id=\"caption-attachment-17671\" class=\"wp-caption-text\">\u00a9 Stephan Classen<\/p><\/div>\n<p>Of all the stunning history-filled pieces in the museum, you will find the tomb of D. Fernando I particularly stunning! You will be mesmerized by its beauty, its bas-reliefs. All the details look like a stone crochet. Look at the aesthetics and technique quality of the tomb and learn a lot about the King, because it was D. Fernando I himself that ordered the tomb for him. <\/p>\n<p>The tomb is different from all the others prior to it. Apart of the religious references found on it, it also has political ones, which is very unusual. For him, it was an opportunity to express his main worries. He knew he was about to die and that he had no successor.<\/p>\n<p>For his tomb, D. Fernando I wanted it to be unprecedented, with the presence of both his and his mother&#8217;s crest. This was to affirm that he was the son of a legitimate matrimony. Only him was allowed to the throne, so only his daughter could be the heir to the throne of Portugal. These were some of the political aspects of his tomb. <\/p>\n<p>If you have a look at all the details of D. Fernando I, you will learn a lot about his history. Don&#8217;t hesitate to ask the staff for more information about them! <\/p>\n<h4>Don&#8217;t miss the mumies<\/h4>\n<p><img decoding=\"async\" src=\"https:\/\/www.discoverwalks.com\/blog\/wp-content\/uploads\/2019\/05\/whyyouneedtovisitthecarmoconventinlisbon5.jpg\" alt=\"whyyouneedtovisitthecarmoconventinlisbon5\" width=\"800\" height=\"531\" class=\"aligncenter size-full wp-image-17672\" srcset=\"https:\/\/www.discoverwalks.com\/blog\/wp-content\/uploads\/2019\/05\/whyyouneedtovisitthecarmoconventinlisbon5.jpg 800w, https:\/\/www.discoverwalks.com\/blog\/wp-content\/uploads\/2019\/05\/whyyouneedtovisitthecarmoconventinlisbon5-300x199.jpg 300w, https:\/\/www.discoverwalks.com\/blog\/wp-content\/uploads\/2019\/05\/whyyouneedtovisitthecarmoconventinlisbon5-768x510.jpg 768w\" sizes=\"(max-width: 800px) 100vw, 800px\" \/><\/p>\n<p>Being able to see mummies in a museum is not usual at all! At first, people are a bit disgusted but, then, they usually show a lot of interest. <\/p>\n<p>Two mummies are exhibited at the <strong><i>Museu Arqueol\u00f3gico do Carmo<\/i><\/strong> since the Count Janu\u00e1rio Correia de Almeida was the second president of the <i>Associa\u00e7\u00e3o de Arque\u00f3logos Portugueses<\/i>. For carrying out the role of ambassador, governor in other countries, such as South America, and for his interest in ancient civilizations, Aztecs, Incas, Egyptians, the museum was not only about Portugal, its place in the world, the western civilizations but also became universal with the exhibition of mummies &#8211; that come from Peru &#8211; and artefacts of other civilizations. <\/p>\n<p>I hope you&#8217;ve enjoyed reading my article and that it has awaken your interest! You now know a few reasons <strong>why you need to visit the Carmo Convent in Lisbon<\/strong>! This is only a teaser, because both the <strong><i>Carmo Convent<\/i><\/strong> and the <strong><i>Archaeological Museum of Carmo<\/i><\/strong> have so much more to offer! If you love to learn new stuff, have a strong thirst for knowledge, and are curious about history, you will love to visit the <strong><i>Carmo Convent<\/i><\/strong>! Located in the lovely area of <a href=\"https:\/\/www.discoverwalks.com\/tour\/lisbon-walking-tours\/chiado-sunset-tour\/\" target=\"_blank\" rel=\"noopener noreferrer\">Chiado<\/a>, it will definitely be one of the highlights of your visit! See you soon in <a href=\"https:\/\/www.discoverwalks.com\/tour\/city\/lisbon-walking-tours\/\" target=\"_blank\" rel=\"noopener noreferrer\">Lisbon<\/a>! <\/p>\n<div id=\"disco-2774758589\" class=\"disco-amazon-box-2024 disco-entity-placement\"><div style=\"width: 100%; border: 2px solid lightgray; padding: 3% 6% 3% 3%; border-radius: 5px;\">\n<p style=\"text-align: center;\">Planning a trip to Âé¶¹APP ? Get ready !<\/p>\n<hr style=\"border: 1px solid #c4336e; width: 100%; margin: 5px auto 25px auto;\" \/>\n<p>These are\u00a0<strong>Amazon&#8217;s\u00a0best-selling<\/strong>\u00a0travel products that you may need for coming to Âé¶¹APP.<\/p>\n<p><span style=\"color: #808080;\"><strong>Bookstore<\/strong><\/span><\/p>\n<ol>\n<li><strong>The best travel book : Rick Steves &#8211; Âé¶¹APP 2023<\/strong> <strong>&#8211;\u00a0<a class=\"ricksteves1\" href=\"https:\/\/amzn.to\/3rEUV7n\" target=\"_blank\" rel=\"nofollow noopener noreferrer\">Learn more here<\/a><\/strong><\/li>\n<li><strong>Fodor&#8217;s Âé¶¹APP 2024 &#8211;\u00a0<a class=\"lonelyplanet1\" href=\"https:\/\/amzn.to\/3RVYQqV\" target=\"_blank\" rel=\"nofollow noopener noreferrer\">Learn more here<\/a><\/strong><\/li>\n<\/ol>\n<p><span style=\"color: #808080;\"><strong>Travel Gear<\/strong><\/span><\/p>\n<ol>\n<li><strong>Venture Pal Lightweight Backpack &#8211;\u00a0<a class=\"venturebackpack1\" href=\"https:\/\/amzn.to\/3Fg15xU\" target=\"_blank\" rel=\"nofollow noopener noreferrer\">Learn more here<\/a><\/strong><\/li>\n<li><strong>Samsonite Winfield 2 28&#8243; Luggage &#8211;\u00a0<a class=\"samsnonite1\" href=\"https:\/\/amzn.to\/3PTNRM1\" target=\"_blank\" rel=\"nofollow noopener noreferrer\">Learn more here<\/a><\/strong><\/li>\n<li><strong>Swig Savvy&#8217;s Stainless Steel Insulated Water Bottle\u00a0&#8211;\u00a0<a class=\"waterbottle1\" href=\"https:\/\/amzn.to\/46GvhhP\" target=\"_blank\" rel=\"nofollow noopener noreferrer\">Learn more here<\/a><\/strong><\/li>\n<\/ol>\n<p><strong><a class=\"ourtravellist1\" title=\"This external link will open in a new window\" href=\"https:\/\/amzn.to\/2uIsJ55\" target=\"_blank\" rel=\"nofollow noopener noreferrer\">Check Amazon\u2019s best-seller list for the most popular travel accessories. <\/a>We sometimes read this list just to find out what new travel products people are buying.<\/strong><\/p>\n<\/div>\n<\/div>","protected":false},"excerpt":{"rendered":"<p>Why you need to visit the Carmo Convent in Lisbon The construction of the Carmo Convent started in 1389. It was the project of D. Nuno \u00c1lvares Pereira. The purpose of this construction was to state two things: his intention to convert himself to the religious life and his competition with the King. The monumentality [&hellip;]<\/p>\n","protected":false},"author":1544,"featured_media":17673,"comment_status":"closed","ping_status":"closed","sticky":false,"template":"","format":"standard","meta":{"_acf_changed":false,"footnotes":""},"categories":[4052,4343,3703],"tags":[4247,1068],"class_list":["post-17626","post","type-post","status-publish","format-standard","has-post-thumbnail","hentry","category-famous-places","category-lisbon","category-travel","tag-famous-landmarks","tag-things-to-do"],"acf":[],"followers":[],"followers_count":0,"yoast_head":"<!-- This site is optimized with the Yoast SEO plugin v27.0 - https:\/\/yoast.com\/product\/yoast-seo-wordpress\/ -->\n<title>Why you need to visit the Carmo Convent in Lisbon - Discover Walks Lisbon<\/title>\n<meta name=\"description\" content=\"The construction of the Carmo Convent started in 1389. It was the project of D. Nuno \u00c1lvares Pereira. The purpose of this construction was to state two things: his intention to convert himself to the religious life and his competition with the King. The monumentality of the Carmo Convent is really impressive for the time of its construction.\" \/>\n<meta name=\"robots\" content=\"index, follow, max-snippet:-1, max-image-preview:large, max-video-preview:-1\" \/>\n<link rel=\"canonical\" href=\"https:\/\/www.discoverwalks.com\/blog\/why-you-need-to-visit-the-carmo-convent-in-lisbon\/\" \/>\n<meta property=\"og:locale\" content=\"en_US\" \/>\n<meta property=\"og:type\" content=\"article\" \/>\n<meta property=\"og:title\" content=\"Why you need to visit the Carmo Convent in Lisbon - Discover Walks Lisbon\" \/>\n<meta property=\"og:description\" content=\"The construction of the Carmo Convent started in 1389. It was the project of D. Nuno \u00c1lvares Pereira. The purpose of this construction was to state two things: his intention to convert himself to the religious life and his competition with the King. The monumentality of the Carmo Convent is really impressive for the time of its construction.\" \/>\n<meta property=\"og:url\" content=\"https:\/\/www.discoverwalks.com\/blog\/why-you-need-to-visit-the-carmo-convent-in-lisbon\/\" \/>\n<meta property=\"og:site_name\" content=\"Discover Walks Blog\" \/>\n<meta property=\"article:publisher\" content=\"https:\/\/www.facebook.com\/Discoverwalksparis\/?ref=bookmarks\" \/>\n<meta property=\"article:published_time\" content=\"2019-05-09T18:23:53+00:00\" \/>\n<meta property=\"article:modified_time\" content=\"2023-04-17T13:33:37+00:00\" \/>\n<meta property=\"og:image\" content=\"https:\/\/www.discoverwalks.com\/blog\/wp-content\/uploads\/2019\/05\/whyyouneedtovisitthecarmoconventinlisbon.jpg\" \/>\n\t<meta property=\"og:image:width\" content=\"744\" \/>\n\t<meta property=\"og:image:height\" content=\"517\" \/>\n\t<meta property=\"og:image:type\" content=\"image\/jpeg\" \/>\n<meta name=\"author\" content=\"Anna\" \/>\n<meta name=\"twitter:label1\" content=\"Written by\" \/>\n\t<meta name=\"twitter:data1\" content=\"Anna\" \/>\n\t<meta name=\"twitter:label2\" content=\"Est. reading time\" \/>\n\t<meta name=\"twitter:data2\" content=\"5 minutes\" \/>\n<script type=\"application\/ld+json\" class=\"yoast-schema-graph\">{\"@context\":\"https:\/\/schema.org\",\"@graph\":[{\"@type\":\"Article\",\"@id\":\"https:\/\/www.discoverwalks.com\/blog\/why-you-need-to-visit-the-carmo-convent-in-lisbon\/#article\",\"isPartOf\":{\"@id\":\"https:\/\/www.discoverwalks.com\/blog\/why-you-need-to-visit-the-carmo-convent-in-lisbon\/\"},\"author\":{\"name\":\"Anna\",\"@id\":\"https:\/\/www.discoverwalks.com\/blog\/#\/schema\/person\/c23ef0f6ebcc82ece128c87814b18a67\"},\"headline\":\"Why you need to visit the Carmo Convent in Lisbon\",\"datePublished\":\"2019-05-09T18:23:53+00:00\",\"dateModified\":\"2023-04-17T13:33:37+00:00\",\"mainEntityOfPage\":{\"@id\":\"https:\/\/www.discoverwalks.com\/blog\/why-you-need-to-visit-the-carmo-convent-in-lisbon\/\"},\"wordCount\":1088,\"publisher\":{\"@id\":\"https:\/\/www.discoverwalks.com\/blog\/#organization\"},\"image\":{\"@id\":\"https:\/\/www.discoverwalks.com\/blog\/why-you-need-to-visit-the-carmo-convent-in-lisbon\/#primaryimage\"},\"thumbnailUrl\":\"https:\/\/www.discoverwalks.com\/blog\/wp-content\/uploads\/2019\/05\/whyyouneedtovisitthecarmoconventinlisbon.jpg\",\"keywords\":[\"Famous Landmarks\",\"Things to Do\"],\"articleSection\":[\"Famous places\",\"Lisbon\",\"Travel\"],\"inLanguage\":\"en-US\"},{\"@type\":\"WebPage\",\"@id\":\"https:\/\/www.discoverwalks.com\/blog\/why-you-need-to-visit-the-carmo-convent-in-lisbon\/\",\"url\":\"https:\/\/www.discoverwalks.com\/blog\/why-you-need-to-visit-the-carmo-convent-in-lisbon\/\",\"name\":\"Why you need to visit the Carmo Convent in Lisbon - Discover Walks Lisbon\",\"isPartOf\":{\"@id\":\"https:\/\/www.discoverwalks.com\/blog\/#website\"},\"primaryImageOfPage\":{\"@id\":\"https:\/\/www.discoverwalks.com\/blog\/why-you-need-to-visit-the-carmo-convent-in-lisbon\/#primaryimage\"},\"image\":{\"@id\":\"https:\/\/www.discoverwalks.com\/blog\/why-you-need-to-visit-the-carmo-convent-in-lisbon\/#primaryimage\"},\"thumbnailUrl\":\"https:\/\/www.discoverwalks.com\/blog\/wp-content\/uploads\/2019\/05\/whyyouneedtovisitthecarmoconventinlisbon.jpg\",\"datePublished\":\"2019-05-09T18:23:53+00:00\",\"dateModified\":\"2023-04-17T13:33:37+00:00\",\"description\":\"The construction of the Carmo Convent started in 1389. It was the project of D. Nuno \u00c1lvares Pereira. The purpose of this construction was to state two things: his intention to convert himself to the religious life and his competition with the King. The monumentality of the Carmo Convent is really impressive for the time of its construction.\",\"breadcrumb\":{\"@id\":\"https:\/\/www.discoverwalks.com\/blog\/why-you-need-to-visit-the-carmo-convent-in-lisbon\/#breadcrumb\"},\"inLanguage\":\"en-US\",\"potentialAction\":[{\"@type\":\"ReadAction\",\"target\":[\"https:\/\/www.discoverwalks.com\/blog\/why-you-need-to-visit-the-carmo-convent-in-lisbon\/\"]}]},{\"@type\":\"ImageObject\",\"inLanguage\":\"en-US\",\"@id\":\"https:\/\/www.discoverwalks.com\/blog\/why-you-need-to-visit-the-carmo-convent-in-lisbon\/#primaryimage\",\"url\":\"https:\/\/www.discoverwalks.com\/blog\/wp-content\/uploads\/2019\/05\/whyyouneedtovisitthecarmoconventinlisbon.jpg\",\"contentUrl\":\"https:\/\/www.discoverwalks.com\/blog\/wp-content\/uploads\/2019\/05\/whyyouneedtovisitthecarmoconventinlisbon.jpg\",\"width\":744,\"height\":517,\"caption\":\"whyyouneedtovisitthecarmoconventinlisbon\"},{\"@type\":\"BreadcrumbList\",\"@id\":\"https:\/\/www.discoverwalks.com\/blog\/why-you-need-to-visit-the-carmo-convent-in-lisbon\/#breadcrumb\",\"itemListElement\":[{\"@type\":\"ListItem\",\"position\":1,\"name\":\"Home\",\"item\":\"https:\/\/www.discoverwalks.com\/blog\/\"},{\"@type\":\"ListItem\",\"position\":2,\"name\":\"Lisbon \u2013 Activities and Things to do\",\"item\":\"https:\/\/www.discoverwalks.com\/blog\/category\/lisbon-activities-and-things-to-do\/\"},{\"@type\":\"ListItem\",\"position\":3,\"name\":\"Why you need to visit the Carmo Convent in Lisbon\"}]},{\"@type\":\"WebSite\",\"@id\":\"https:\/\/www.discoverwalks.com\/blog\/#website\",\"url\":\"https:\/\/www.discoverwalks.com\/blog\/\",\"name\":\"Discover Walks Blog\",\"description\":\"We know what&#039;s important\",\"publisher\":{\"@id\":\"https:\/\/www.discoverwalks.com\/blog\/#organization\"},\"potentialAction\":[{\"@type\":\"SearchAction\",\"target\":{\"@type\":\"EntryPoint\",\"urlTemplate\":\"https:\/\/www.discoverwalks.com\/blog\/?s={search_term_string}\"},\"query-input\":{\"@type\":\"PropertyValueSpecification\",\"valueRequired\":true,\"valueName\":\"search_term_string\"}}],\"inLanguage\":\"en-US\"},{\"@type\":\"Organization\",\"@id\":\"https:\/\/www.discoverwalks.com\/blog\/#organization\",\"name\":\"Discover Walks\",\"url\":\"https:\/\/www.discoverwalks.com\/blog\/\",\"logo\":{\"@type\":\"ImageObject\",\"inLanguage\":\"en-US\",\"@id\":\"https:\/\/www.discoverwalks.com\/blog\/#\/schema\/logo\/image\/\",\"url\":\"https:\/\/www.discoverwalks.com\/blog\/wp-content\/uploads\/2023\/12\/dwlogo-s.png\",\"contentUrl\":\"https:\/\/www.discoverwalks.com\/blog\/wp-content\/uploads\/2023\/12\/dwlogo-s.png\",\"width\":120,\"height\":118,\"caption\":\"Discover Walks\"},\"image\":{\"@id\":\"https:\/\/www.discoverwalks.com\/blog\/#\/schema\/logo\/image\/\"},\"sameAs\":[\"https:\/\/www.facebook.com\/Discoverwalksparis\/?ref=bookmarks\"]},{\"@type\":\"Person\",\"@id\":\"https:\/\/www.discoverwalks.com\/blog\/#\/schema\/person\/c23ef0f6ebcc82ece128c87814b18a67\",\"name\":\"Anna\",\"description\":\"Anna was born and raised in Âé¶¹APP. She studied Languages in Âé¶¹APP and Social Communication in Lisbon. Anna also lived in Madrid for a year. She has been to many places and hopes to go places. Wherever she goes, she always tries to experience each city as locals do. Anna usually has croissants for breakfast in Âé¶¹APP, takes a walk in Camden Town in London, eats lunch in Chiado in Lisbon, and enjoys Madrid's nightlife.\",\"url\":\"https:\/\/www.discoverwalks.com\/blog\/author\/anna\/\"}]}<\/script>\n<!-- \/ Yoast SEO plugin. -->","yoast_head_json":{"title":"Why you need to visit the Carmo Convent in Lisbon - Discover Walks Lisbon","description":"The construction of the Carmo Convent started in 1389. It was the project of D. Nuno \u00c1lvares Pereira. The purpose of this construction was to state two things: his intention to convert himself to the religious life and his competition with the King. The monumentality of the Carmo Convent is really impressive for the time of its construction.","robots":{"index":"index","follow":"follow","max-snippet":"max-snippet:-1","max-image-preview":"max-image-preview:large","max-video-preview":"max-video-preview:-1"},"canonical":"https:\/\/www.discoverwalks.com\/blog\/why-you-need-to-visit-the-carmo-convent-in-lisbon\/","og_locale":"en_US","og_type":"article","og_title":"Why you need to visit the Carmo Convent in Lisbon - Discover Walks Lisbon","og_description":"The construction of the Carmo Convent started in 1389. It was the project of D. Nuno \u00c1lvares Pereira. The purpose of this construction was to state two things: his intention to convert himself to the religious life and his competition with the King. The monumentality of the Carmo Convent is really impressive for the time of its construction.","og_url":"https:\/\/www.discoverwalks.com\/blog\/why-you-need-to-visit-the-carmo-convent-in-lisbon\/","og_site_name":"Discover Walks Blog","article_publisher":"https:\/\/www.facebook.com\/Discoverwalksparis\/?ref=bookmarks","article_published_time":"2019-05-09T18:23:53+00:00","article_modified_time":"2023-04-17T13:33:37+00:00","og_image":[{"width":744,"height":517,"url":"https:\/\/www.discoverwalks.com\/blog\/wp-content\/uploads\/2019\/05\/whyyouneedtovisitthecarmoconventinlisbon.jpg","type":"image\/jpeg"}],"author":"Anna","twitter_misc":{"Written by":"Anna","Est. reading time":"5 minutes"},"schema":{"@context":"https:\/\/schema.org","@graph":[{"@type":"Article","@id":"https:\/\/www.discoverwalks.com\/blog\/why-you-need-to-visit-the-carmo-convent-in-lisbon\/#article","isPartOf":{"@id":"https:\/\/www.discoverwalks.com\/blog\/why-you-need-to-visit-the-carmo-convent-in-lisbon\/"},"author":{"name":"Anna","@id":"https:\/\/www.discoverwalks.com\/blog\/#\/schema\/person\/c23ef0f6ebcc82ece128c87814b18a67"},"headline":"Why you need to visit the Carmo Convent in Lisbon","datePublished":"2019-05-09T18:23:53+00:00","dateModified":"2023-04-17T13:33:37+00:00","mainEntityOfPage":{"@id":"https:\/\/www.discoverwalks.com\/blog\/why-you-need-to-visit-the-carmo-convent-in-lisbon\/"},"wordCount":1088,"publisher":{"@id":"https:\/\/www.discoverwalks.com\/blog\/#organization"},"image":{"@id":"https:\/\/www.discoverwalks.com\/blog\/why-you-need-to-visit-the-carmo-convent-in-lisbon\/#primaryimage"},"thumbnailUrl":"https:\/\/www.discoverwalks.com\/blog\/wp-content\/uploads\/2019\/05\/whyyouneedtovisitthecarmoconventinlisbon.jpg","keywords":["Famous Landmarks","Things to Do"],"articleSection":["Famous places","Lisbon","Travel"],"inLanguage":"en-US"},{"@type":"WebPage","@id":"https:\/\/www.discoverwalks.com\/blog\/why-you-need-to-visit-the-carmo-convent-in-lisbon\/","url":"https:\/\/www.discoverwalks.com\/blog\/why-you-need-to-visit-the-carmo-convent-in-lisbon\/","name":"Why you need to visit the Carmo Convent in Lisbon - Discover Walks Lisbon","isPartOf":{"@id":"https:\/\/www.discoverwalks.com\/blog\/#website"},"primaryImageOfPage":{"@id":"https:\/\/www.discoverwalks.com\/blog\/why-you-need-to-visit-the-carmo-convent-in-lisbon\/#primaryimage"},"image":{"@id":"https:\/\/www.discoverwalks.com\/blog\/why-you-need-to-visit-the-carmo-convent-in-lisbon\/#primaryimage"},"thumbnailUrl":"https:\/\/www.discoverwalks.com\/blog\/wp-content\/uploads\/2019\/05\/whyyouneedtovisitthecarmoconventinlisbon.jpg","datePublished":"2019-05-09T18:23:53+00:00","dateModified":"2023-04-17T13:33:37+00:00","description":"The construction of the Carmo Convent started in 1389. It was the project of D. Nuno \u00c1lvares Pereira. The purpose of this construction was to state two things: his intention to convert himself to the religious life and his competition with the King. The monumentality of the Carmo Convent is really impressive for the time of its construction.","breadcrumb":{"@id":"https:\/\/www.discoverwalks.com\/blog\/why-you-need-to-visit-the-carmo-convent-in-lisbon\/#breadcrumb"},"inLanguage":"en-US","potentialAction":[{"@type":"ReadAction","target":["https:\/\/www.discoverwalks.com\/blog\/why-you-need-to-visit-the-carmo-convent-in-lisbon\/"]}]},{"@type":"ImageObject","inLanguage":"en-US","@id":"https:\/\/www.discoverwalks.com\/blog\/why-you-need-to-visit-the-carmo-convent-in-lisbon\/#primaryimage","url":"https:\/\/www.discoverwalks.com\/blog\/wp-content\/uploads\/2019\/05\/whyyouneedtovisitthecarmoconventinlisbon.jpg","contentUrl":"https:\/\/www.discoverwalks.com\/blog\/wp-content\/uploads\/2019\/05\/whyyouneedtovisitthecarmoconventinlisbon.jpg","width":744,"height":517,"caption":"whyyouneedtovisitthecarmoconventinlisbon"},{"@type":"BreadcrumbList","@id":"https:\/\/www.discoverwalks.com\/blog\/why-you-need-to-visit-the-carmo-convent-in-lisbon\/#breadcrumb","itemListElement":[{"@type":"ListItem","position":1,"name":"Home","item":"https:\/\/www.discoverwalks.com\/blog\/"},{"@type":"ListItem","position":2,"name":"Lisbon \u2013 Activities and Things to do","item":"https:\/\/www.discoverwalks.com\/blog\/category\/lisbon-activities-and-things-to-do\/"},{"@type":"ListItem","position":3,"name":"Why you need to visit the Carmo Convent in Lisbon"}]},{"@type":"WebSite","@id":"https:\/\/www.discoverwalks.com\/blog\/#website","url":"https:\/\/www.discoverwalks.com\/blog\/","name":"Discover Walks Blog","description":"We know what&#039;s important","publisher":{"@id":"https:\/\/www.discoverwalks.com\/blog\/#organization"},"potentialAction":[{"@type":"SearchAction","target":{"@type":"EntryPoint","urlTemplate":"https:\/\/www.discoverwalks.com\/blog\/?s={search_term_string}"},"query-input":{"@type":"PropertyValueSpecification","valueRequired":true,"valueName":"search_term_string"}}],"inLanguage":"en-US"},{"@type":"Organization","@id":"https:\/\/www.discoverwalks.com\/blog\/#organization","name":"Discover Walks","url":"https:\/\/www.discoverwalks.com\/blog\/","logo":{"@type":"ImageObject","inLanguage":"en-US","@id":"https:\/\/www.discoverwalks.com\/blog\/#\/schema\/logo\/image\/","url":"https:\/\/www.discoverwalks.com\/blog\/wp-content\/uploads\/2023\/12\/dwlogo-s.png","contentUrl":"https:\/\/www.discoverwalks.com\/blog\/wp-content\/uploads\/2023\/12\/dwlogo-s.png","width":120,"height":118,"caption":"Discover Walks"},"image":{"@id":"https:\/\/www.discoverwalks.com\/blog\/#\/schema\/logo\/image\/"},"sameAs":["https:\/\/www.facebook.com\/Discoverwalksparis\/?ref=bookmarks"]},{"@type":"Person","@id":"https:\/\/www.discoverwalks.com\/blog\/#\/schema\/person\/c23ef0f6ebcc82ece128c87814b18a67","name":"Anna","description":"Anna was born and raised in Âé¶¹APP. She studied Languages in Âé¶¹APP and Social Communication in Lisbon. Anna also lived in Madrid for a year. She has been to many places and hopes to go places. Wherever she goes, she always tries to experience each city as locals do. Anna usually has croissants for breakfast in Âé¶¹APP, takes a walk in Camden Town in London, eats lunch in Chiado in Lisbon, and enjoys Madrid's nightlife.","url":"https:\/\/www.discoverwalks.com\/blog\/author\/anna\/"}]}},"_links":{"self":[{"href":"https:\/\/www.discoverwalks.com\/blog\/wp-json\/wp\/v2\/posts\/17626","targetHints":{"allow":["GET"]}}],"collection":[{"href":"https:\/\/www.discoverwalks.com\/blog\/wp-json\/wp\/v2\/posts"}],"about":[{"href":"https:\/\/www.discoverwalks.com\/blog\/wp-json\/wp\/v2\/types\/post"}],"author":[{"embeddable":true,"href":"https:\/\/www.discoverwalks.com\/blog\/wp-json\/wp\/v2\/users\/1544"}],"replies":[{"embeddable":true,"href":"https:\/\/www.discoverwalks.com\/blog\/wp-json\/wp\/v2\/comments?post=17626"}],"version-history":[{"count":0,"href":"https:\/\/www.discoverwalks.com\/blog\/wp-json\/wp\/v2\/posts\/17626\/revisions"}],"wp:featuredmedia":[{"embeddable":true,"href":"https:\/\/www.discoverwalks.com\/blog\/wp-json\/wp\/v2\/media\/17673"}],"wp:attachment":[{"href":"https:\/\/www.discoverwalks.com\/blog\/wp-json\/wp\/v2\/media?parent=17626"}],"wp:term":[{"taxonomy":"category","embeddable":true,"href":"https:\/\/www.discoverwalks.com\/blog\/wp-json\/wp\/v2\/categories?post=17626"},{"taxonomy":"post_tag","embeddable":true,"href":"https:\/\/www.discoverwalks.com\/blog\/wp-json\/wp\/v2\/tags?post=17626"}],"curies":[{"name":"wp","href":"https:\/\/api.w.org\/{rel}","templated":true}]}}